{"id":9379,"date":"2018-10-04T07:00:17","date_gmt":"2018-10-04T11:00:17","guid":{"rendered":"http:\/\/progressions.prsa.org\/?p=9379"},"modified":"2018-09-27T09:07:53","modified_gmt":"2018-09-27T13:07:53","slug":"diversidad-el-valor-agregado-para-un-relacionista-publico","status":"publish","type":"post","link":"https:\/\/progressions.prsa.org\/index.php\/2018\/10\/04\/diversidad-el-valor-agregado-para-un-relacionista-publico\/","title":{"rendered":"Diversidad: el valor agregado para un relacionista p\u00fablico."},"content":{"rendered":"<figure id=\"attachment_9380\" aria-describedby=\"caption-attachment-9380\" style=\"width: 298px\" class=\"wp-caption alignright\"><a href=\"http:\/\/progressions.prsa.org\/wp-content\/uploads\/2018\/09\/Screen-Shot-2018-09-19-at-4.12.11-PM.png\"><img loading=\"lazy\" decoding=\"async\" class=\"size-medium wp-image-9380\" src=\"http:\/\/progressions.prsa.org\/wp-content\/uploads\/2018\/09\/Screen-Shot-2018-09-19-at-4.12.11-PM-298x300.png\" alt=\"\" width=\"298\" height=\"300\" srcset=\"https:\/\/progressions.prsa.org\/wp-content\/uploads\/2018\/09\/Screen-Shot-2018-09-19-at-4.12.11-PM-298x300.png 298w, https:\/\/progressions.prsa.org\/wp-content\/uploads\/2018\/09\/Screen-Shot-2018-09-19-at-4.12.11-PM-150x150.png 150w, https:\/\/progressions.prsa.org\/wp-content\/uploads\/2018\/09\/Screen-Shot-2018-09-19-at-4.12.11-PM-100x100.png 100w, https:\/\/progressions.prsa.org\/wp-content\/uploads\/2018\/09\/Screen-Shot-2018-09-19-at-4.12.11-PM-198x200.png 198w, https:\/\/progressions.prsa.org\/wp-content\/uploads\/2018\/09\/Screen-Shot-2018-09-19-at-4.12.11-PM.png 527w\" sizes=\"(max-width: 298px) 100vw, 298px\" \/><\/a><figcaption id=\"caption-attachment-9380\" class=\"wp-caption-text\"><em>Courtesy of pixabay.com<\/em><\/figcaption><\/figure>\n<p>En la actualidadnos encontramos envueltos en un mundo que ya no tiene fronteras o al menos no en el sentido estricto como sol\u00edamos conocer este t\u00e9rmino <em>fronteras<\/em>. La globalizaci\u00f3n ha hecho que en un instante podamos conocer lo que est\u00e1 pasando en cualquier lugar, saber lo que piensan personas de otros pa\u00edses y reconocer sus necesidades y problemas; adem\u00e1s, se ha vuelto com\u00fan ver en las aulas de clase y en las oficinas de las empresas personas de diferentes etnias, nacionalidades y religiones. Todo esto implica que vivimos en un planeta ampliamente diverso.<\/p>\n<p>No podemos avanzar sin aclarar qu\u00e9 es lo que vamos a entender por diversidad. Para la Real Academia de la Lengua Espa\u00f1ola (2017), este concepto se refiere a: \u201cAbundancia,\u00a0gran\u00a0cantidad\u00a0de\u00a0varias\u00a0cosas\u00a0distintas\u201d, es decir lo que nos diferencia de otras personas. (Real Academia de la Lengua Espa\u00f1ola, 2017)<\/p>\n<p>No obstante, es precisoaclarar que \u00e9sta no consiste, \u00fanicamente, en que las cosas (en este caso personas) distintasse encuentren en un mismo lugar, es necesario reconocerlas, respetarlas y aprender de ellas, ya que sin esto ser\u00edaimposible enriquecernosde la identidad de \u00e9stas. Asimismo, la diversidad no puede implicar que las personas se adapten a un sistema, por el contrario, necesita abrirles las puertas y estar dispuestos a generar unos canales en doble sentido donde la informaci\u00f3n cultural que tiene cada parte pueda ser enviada y recibida por los otros.<\/p>\n<p>Aprovechar los conocimientos que las personas de otros lugares nos pueden brindar es vital, puessi bien, las personas tienen religiones, culturas, e intereses distintos, estos nos potencian desde lo ciudadano, lo social y lo cultural y nos proveen deuna mirada diferente del mundo,a la vez que nosayudana ser unos relacionistas p\u00fablicos con la capacidad de desenvolvernos no solo en una regi\u00f3n, sino en todo el planeta.<\/p>\n<p>El reconocer y gestionar la diversidad ser\u00e1uno de esos intangibles que nos proporcionen un valor agregado, pues sabremos trabajar y acomodar diferentes conocimientos, logrando una sinergia entre las disimilitudes de identidades<\/p>\n<p>Igualmente, el saber reconocer y gestionar la diversidad trae beneficios, pues al aceptar las diferentes miradas podremos encontrar soluciones eficientes que, tal vez no habr\u00edamos considerado, tambi\u00e9n, seremos m\u00e1s flexibles, conoceremos nuevos talentos y estaremos m\u00e1s preparados para los cambios que se encuentran ligados a la globalizaci\u00f3n.<\/p>\n<p>Por todo lo anteriormente expuesto, como relacionistas p\u00fablicos en formaci\u00f3n estamos invitados a aceptar, conocer y respetar las diferentes identidades, reconociendo a todos como un nosotros. Esto nos permitir\u00e1 tener un valor agregado y un fuerte diferenciador, pues podremos desenvolvernos con p\u00fablicos de diferentes lugares, abri\u00e9ndonos las puertas a trabajar y conectar con todo el mundo.<\/p>\n<p>&#8211;<\/p>\n<p><a href=\"http:\/\/progressions.prsa.org\/wp-content\/uploads\/2018\/09\/Screen-Shot-2018-09-19-at-4.14.34-PM.png\"><img loading=\"lazy\" decoding=\"async\" class=\"size-full wp-image-9381 alignright\" src=\"http:\/\/progressions.prsa.org\/wp-content\/uploads\/2018\/09\/Screen-Shot-2018-09-19-at-4.14.34-PM.png\" alt=\"\" width=\"211\" height=\"230\" srcset=\"https:\/\/progressions.prsa.org\/wp-content\/uploads\/2018\/09\/Screen-Shot-2018-09-19-at-4.14.34-PM.png 211w, https:\/\/progressions.prsa.org\/wp-content\/uploads\/2018\/09\/Screen-Shot-2018-09-19-at-4.14.34-PM-92x100.png 92w, https:\/\/progressions.prsa.org\/wp-content\/uploads\/2018\/09\/Screen-Shot-2018-09-19-at-4.14.34-PM-183x200.png 183w\" sizes=\"(max-width: 211px) 100vw, 211px\" \/><\/a><\/p>\n<p>Mariana Guti\u00e9rrez Uribe,\u00a0Vicepresidente Capitulo PRSSA Universidad de Medell\u00edn.<\/p>\n<p><strong>Referencias:<\/strong><\/p>\n<p>Real Academia de la Lengua Espa\u00f1ola. (2017). <em>Real Academia Espa\u00f1ola<\/em>. Obtenido de http:\/\/dle.rae.es\/?id=E0b0PXH<\/p>\n<!-- AddThis Advanced Settings generic via filter on the_content --><!-- AddThis Share Buttons generic via filter on the_content -->","protected":false},"excerpt":{"rendered":"<p>En la actualidadnos encontramos envueltos en un mundo que ya no tiene fronteras o al menos no en el sentido estricto como sol\u00edamos conocer este t\u00e9rmino fronteras. La globalizaci\u00f3n ha hecho que en un instante podamos conocer lo que est\u00e1 pasando en cualquier lugar, saber lo que piensan personas de otros pa\u00edses y reconocer sus necesidades y problemas; adem\u00e1s, se [&hellip;]<!-- AddThis Advanced Settings generic via filter on get_the_excerpt --><!-- AddThis Share Buttons generic via filter on get_the_excerpt --><\/p>\n","protected":false},"author":26,"featured_media":9380,"comment_status":"open","ping_status":"closed","sticky":false,"template":"","format":"standard","meta":{"om_disable_all_campaigns":false,"_monsterinsights_skip_tracking":false,"_monsterinsights_sitenote_active":false,"_monsterinsights_sitenote_note":"","_monsterinsights_sitenote_category":0,"_uf_show_specific_survey":0,"_uf_disable_surveys":false,"footnotes":""},"categories":[2893],"tags":[703],"aioseo_notices":[],"_links":{"self":[{"href":"https:\/\/progressions.prsa.org\/index.php\/wp-json\/wp\/v2\/posts\/9379"}],"collection":[{"href":"https:\/\/progressions.prsa.org\/index.php\/wp-json\/wp\/v2\/posts"}],"about":[{"href":"https:\/\/progressions.prsa.org\/index.php\/wp-json\/wp\/v2\/types\/post"}],"author":[{"embeddable":true,"href":"https:\/\/progressions.prsa.org\/index.php\/wp-json\/wp\/v2\/users\/26"}],"replies":[{"embeddable":true,"href":"https:\/\/progressions.prsa.org\/index.php\/wp-json\/wp\/v2\/comments?post=9379"}],"version-history":[{"count":1,"href":"https:\/\/progressions.prsa.org\/index.php\/wp-json\/wp\/v2\/posts\/9379\/revisions"}],"predecessor-version":[{"id":9382,"href":"https:\/\/progressions.prsa.org\/index.php\/wp-json\/wp\/v2\/posts\/9379\/revisions\/9382"}],"wp:featuredmedia":[{"embeddable":true,"href":"https:\/\/progressions.prsa.org\/index.php\/wp-json\/wp\/v2\/media\/9380"}],"wp:attachment":[{"href":"https:\/\/progressions.prsa.org\/index.php\/wp-json\/wp\/v2\/media?parent=9379"}],"wp:term":[{"taxonomy":"category","embeddable":true,"href":"https:\/\/progressions.prsa.org\/index.php\/wp-json\/wp\/v2\/categories?post=9379"},{"taxonomy":"post_tag","embeddable":true,"href":"https:\/\/progressions.prsa.org\/index.php\/wp-json\/wp\/v2\/tags?post=9379"}],"curies":[{"name":"wp","href":"https:\/\/api.w.org\/{rel}","templated":true}]}}