{"id":13088,"date":"2024-07-22T08:00:00","date_gmt":"2024-07-22T12:00:00","guid":{"rendered":"https:\/\/progressions.prsa.org\/?p=13088"},"modified":"2024-07-22T08:33:00","modified_gmt":"2024-07-22T12:33:00","slug":"step-up-and-stand-out-apply-for-a-prssa-national-subcommittee","status":"publish","type":"post","link":"https:\/\/progressions.prsa.org\/index.php\/2024\/07\/22\/step-up-and-stand-out-apply-for-a-prssa-national-subcommittee\/","title":{"rendered":"Step Up and Stand Out: Apply for a PRSSA National Subcommittee"},"content":{"rendered":"\n<figure class=\"wp-block-image size-large\"><img loading=\"lazy\" decoding=\"async\" width=\"1024\" height=\"576\" src=\"https:\/\/progressions.prsa.org\/wp-content\/uploads\/2024\/07\/1-1-1024x576.png\" alt=\"\" class=\"wp-image-13089\" srcset=\"https:\/\/progressions.prsa.org\/wp-content\/uploads\/2024\/07\/1-1-1024x576.png 1024w, https:\/\/progressions.prsa.org\/wp-content\/uploads\/2024\/07\/1-1-300x169.png 300w, https:\/\/progressions.prsa.org\/wp-content\/uploads\/2024\/07\/1-1-768x432.png 768w, https:\/\/progressions.prsa.org\/wp-content\/uploads\/2024\/07\/1-1-1536x864.png 1536w, https:\/\/progressions.prsa.org\/wp-content\/uploads\/2024\/07\/1-1-2048x1152.png 2048w\" sizes=\"(max-width: 1024px) 100vw, 1024px\" \/><\/figure>\n\n\n\n<p>Are you ready to take your PRSSA experience to the next level? <a href=\"https:\/\/docs.google.com\/forms\/d\/e\/1FAIpQLScRbGvFETiNeM043gEHn16NXuHiymcPnw4ObnvYrmf5yICj9w\/viewform\" target=\"_blank\" rel=\"noopener\" title=\"\">Joining a PRSSA National Subcommittee<\/a> is your ticket to exceptional leadership opportunities, professional growth, and a chance to connect with some of the brightest minds in the communications field. Whether you\u2019re passionate about Chapter development, promoting inclusivity, writing and content creation, or mastering social media, there\u2019s a subcommittee that\u2019s perfect for you.<\/p>\n\n\n\n<p>Here\u2019s your guide to finding the perfect fit and making a lasting impact.<\/p>\n\n\n\n<h3 class=\"wp-block-heading\">Cultivate Growth with the Chapter Development Committee<\/h3>\n\n\n\n<p>Imagine being at the forefront of PRSSA\u2019s growth, helping Chapters across the continent thrive. As a member of the Chapter Development Committee, you\u2019ll work closely with <a href=\"https:\/\/www.prsa.org\/prssa\/about-prssa\/leadership-contacts\/vice-president-of-chapter-development\" target=\"_blank\" rel=\"noopener\" title=\"\">Olivia McCurdy<\/a>, the vice president of Chapter <font color=\"#000000\">deve<\/font>lopment , to build a more robust and vibrant PRSSA community. Your contributions will directly shape the success of our Chapters, by helping them expand membership, enhance program offerings, foster connections, and more! This role is perfect for anyone passionate about community building and forging impactful relationships.<\/p>\n\n\n\n<blockquote class=\"wp-block-quote is-layout-flow wp-block-quote-is-layout-flow\">\n<p>&#8220;Chapter development has been a huge priority in our society over the past couple of years. If you are interested in making connections, community outreach, and gaining incredible experience, the Chapter Development Committee is a perfect fit for you! Having the opportunity to be part of this committee&#8217;s inaugural year is something you do not want to miss!&#8221;<\/p>\n<cite>Oliva McCurdy<\/cite><\/blockquote>\n\n\n\n<h3 class=\"wp-block-heading\">Drive Change with the PRoud Council<\/h3>\n\n\n\n<p>The PRoud Council is dedicated to promoting Belonging, Equity, Diversity, and Inclusion (BEDI) within PRSSA and the broader communications industry. Under the guidance of <a href=\"https:\/\/www.prsa.org\/prssa\/about-prssa\/leadership-contacts\/vice-president-of-diversity-inclusion\" target=\"_blank\" rel=\"noopener\" title=\"\">Uyen Ngo<\/a>, the vice president of BEDI, you\u2019ll lead initiatives that ensure every member feels genuinely heard, seen, and appreciated. This is your chance to champion a more equitable future and drive impactful change.<\/p>\n\n\n\n<blockquote class=\"wp-block-quote is-layout-flow wp-block-quote-is-layout-flow\">\n<p>&#8220;This is a great opportunity for those who care about ongoing challenges and want to help out. As a previous PRoud Council member, this opportunity helped me greatly in using PR strategies to build great BEDI initiatives for the community.&#8221;<\/p>\n<cite>Uyen Ngo<\/cite><\/blockquote>\n\n\n\n<h3 class=\"wp-block-heading\">Shape Narratives with the Publications Committee<\/h3>\n\n\n\n<p>Are you a storyteller at heart? Join the Publications Committee and collaborate with <a href=\"https:\/\/www.prsa.org\/prssa\/about-prssa\/leadership-contacts\/vice-president-of-brand-engagement\" target=\"_blank\" rel=\"noopener\" title=\"\">Ro Lane<\/a>, the vice president of brand engagement, to influence the stories and conversations that shape the PRSSA community. From writing for Progressions to producing PRSSA Podcasts, you\u2019ll dive into exciting topics and craft compelling content that resonates across the PR landscape. This is your opportunity to influence the narratives that define our field.<\/p>\n\n\n\n<blockquote class=\"wp-block-quote is-layout-flow wp-block-quote-is-layout-flow\">\n<p>&#8220;On the Publications Subcommittee, students have the unique opportunity to be the storytellers of PRSSA. Students will get to enhance their writing skills in various areas, including creativity, research, and technical writing. Additionally, students will have the chance to assist with the production of PRSSA podcasts, from finding interesting students or inspiring professionals to interview, to helping craft storyboards, and even editing and first listens!&#8221;<\/p>\n<cite>Ro Lane<\/cite><\/blockquote>\n\n\n\n<h3 class=\"wp-block-heading\">Unleash Your Creativity with the Social Media Squad<\/h3>\n\n\n\n<p>If social media is where you shine, the Social Media Squad awaits your creativity. Work alongside <a href=\"https:\/\/www.prsa.org\/prssa\/about-prssa\/leadership-contacts\/vice-president-of-digital-communications\" target=\"_blank\" rel=\"noopener\" title=\"\">Madeline Todorovich<\/a>, the vice president of digital communications, to elevate PRSSA\u2019s digital presence. Designing eye-catching graphics or crafting engaging captions, your creativity will be instrumental in sharing PRSSA\u2019s story and connecting with our audience. This role is ideal for those who love to innovate and connect through digital platforms.<\/p>\n\n\n\n<blockquote class=\"wp-block-quote is-layout-flow wp-block-quote-is-layout-flow\">\n<p>&#8220;If you have a passion for social media and love content creation, the Social Media Squad is perfect for you! I am so excited to have a subcommittee that loves social media and PRSSA as much as I do. From creating graphics to creative writing, this subcommittee will aim to enhance PRSSA&#8217;s social media platforms.&#8221;<\/p>\n<cite>Maddy Todorovich<\/cite><\/blockquote>\n\n\n\n<h3 class=\"wp-block-heading\">Why Apply?<\/h3>\n\n\n\n<p>By joining a PRSSA National Subcommittee, you will: <\/p>\n\n\n\n<ul>\n<li>Gain invaluable hands-on experience in strategic planning, team collaboration, and decision-making \u2013essential skills for effective leadership.<\/li>\n\n\n\n<li>Connect with industry leaders and like-minded students across the globe, expanding your professional network and opening doors to future opportunities.<\/li>\n\n\n\n<li>Contribute directly to PRSSA\u2019s programs and initiatives while leaving a lasting impact on the communications field.<\/li>\n\n\n\n<li>Enhance your resume with concrete examples of leadership, teamwork, and innovative problem-solving, showcasing your proactive approach to employers.<\/li>\n\n\n\n<li>Challenge yourself to grow personally and professionally, stepping into roles that test and develop your skills while making a meaningful difference within PRSSA and beyond.<\/li>\n<\/ul>\n\n\n\n<p>Don\u2019t let this incredible opportunity pass you by. <a href=\"https:\/\/docs.google.com\/forms\/d\/e\/1FAIpQLScRbGvFETiNeM043gEHn16NXuHiymcPnw4ObnvYrmf5yICj9w\/viewform\" target=\"_blank\" rel=\"noopener\" title=\"\">Apply<\/a> by 2 p.m. ET on July 29 to join one or two of these dynamic and influential subcommittees. Step up, stand out, and make your mark on PRSSA.<\/p>\n\n\n\n<div class=\"wp-block-media-text is-stacked-on-mobile\" style=\"grid-template-columns:37% auto\"><figure class=\"wp-block-media-text__media\"><img loading=\"lazy\" decoding=\"async\" width=\"506\" height=\"589\" src=\"https:\/\/progressions.prsa.org\/wp-content\/uploads\/2024\/07\/Milagros.png\" alt=\"\" class=\"wp-image-13091 size-full\" srcset=\"https:\/\/progressions.prsa.org\/wp-content\/uploads\/2024\/07\/Milagros.png 506w, https:\/\/progressions.prsa.org\/wp-content\/uploads\/2024\/07\/Milagros-258x300.png 258w\" sizes=\"(max-width: 506px) 100vw, 506px\" \/><\/figure><div class=\"wp-block-media-text__content\">\n<p class=\"has-small-font-size\">Milagros Orcoyen, PRSSA National President, is a senior at Universidad Argentina de la Empresa in Buenos Aires, Argentina, poised to graduate in December 2024 with a major in public relations and institutional communication.<\/p>\n\n\n\n<p class=\"has-small-font-size\">Her PRSSA journey began as a freshman, driven by a passion for professional growth and community engagement. Previously serving as the PRSSA National Vice President of Events and Fundraising, Milagros received The Elaine Averick Outstanding National Committee Member Award for her leadership.<\/p>\n\n\n\n<p class=\"has-small-font-size\">Outside of PRSSA, she dedicates her time to sustainability efforts at GEO, the University of Buenos Aires\u2019 sustainable development center, and contributes as a writer for The Jane Goodall Institute Argentina.<\/p>\n\n\n\n<p class=\"has-small-font-size\">You can connect with her on <a href=\"https:\/\/www.linkedin.com\/in\/milagros-orcoyen\/\">LinkedIn<\/a>.<\/p>\n<\/div><\/div>\n\n\n\n<hr class=\"wp-block-separator has-alpha-channel-opacity\"\/>\n\n\n\n<h1 class=\"wp-block-heading\">Da un paso adelante y sobresal\u00ed: aplic\u00e1 para un sucomit\u00e9 de PRSSA National<\/h1>\n\n\n\n<p>\u00bfEst\u00e1s listo para llevar tu experiencia en PRSSA al siguiente nivel? <a href=\"https:\/\/docs.google.com\/forms\/d\/e\/1FAIpQLScRbGvFETiNeM043gEHn16NXuHiymcPnw4ObnvYrmf5yICj9w\/viewform\" target=\"_blank\" rel=\"noopener\" title=\"\">Unirte a un Subcomit\u00e9 de PRSSA National<\/a> es tu boleto a excepcionales oportunidades de liderazgo, crecimiento profesional y la posibilidad de conectar con algunas de las mentes m\u00e1s brillantes en el campo de las comunicaciones. Ya sea que te apasione el desarrollo de Cap\u00edtulos, la promoci\u00f3n de la inclusi\u00f3n, la escritura y creaci\u00f3n de contenido, o el manejo de las redes sociales, hay un subcomit\u00e9 perfecto para ti.<\/p>\n\n\n\n<p>Esta es tu gu\u00eda para encontrar tu subcomit\u00e9 perfecto y lograr un impacto duradero.<\/p>\n\n\n\n<h3 class=\"wp-block-heading\">Foment\u00e1 el crecimiento con el <em>Chapter Development Committee<\/em><\/h3>\n\n\n\n<p>Imagin\u00e1 estar al frente del crecimiento de PRSSA, ayudando a que los Cap\u00edtulos en todo el continente prosperen. Como miembro del <em>Chapter Development Committee<\/em>, trabajar\u00e1s estrechamente con <a href=\"https:\/\/www.prsa.org\/prssa\/about-prssa\/leadership-contacts\/vice-president-of-chapter-development\" target=\"_blank\" rel=\"noopener\" title=\"\">Olivia McCurdy<\/a>, la vicepresidenta de Chapter development, para construir una comunidad PRSSA m\u00e1s robusta y vibrante. Tus contribuciones moldear\u00e1n directamente el \u00e9xito de nuestros Cap\u00edtulos, ayud\u00e1ndolos a expandir su membres\u00eda, mejorar la oferta de programas, fomentar conexiones, \u00a1y mucho m\u00e1s! Este rol es perfecto para quienes se apasionan por construir una comunidad y forjar relaciones impactantes.<\/p>\n\n\n\n<blockquote class=\"wp-block-quote is-layout-flow wp-block-quote-is-layout-flow\">\n<p>&#8220;<em>El desarrollo de Cap\u00edtulos ha sido una gran prioridad en nuestra Sociedad en los \u00faltimos a\u00f1os. Si est\u00e1s interesado en hacer conexiones, en el alcance comunitario y en obtener una experiencia incre\u00edble, \u00a1el Chapter Development Committee es perfecto para vos! Tener la oportunidad de ser parte del a\u00f1o inaugural de este comit\u00e9 es algo que no querr\u00e1s perderte<\/em>!&#8221;<\/p>\n<cite>Oliva McCurdy<\/cite><\/blockquote>\n\n\n\n<h3 class=\"wp-block-heading\">Impuls\u00e1 el cambio con el <em>PRoud Council<\/em><\/h3>\n\n\n\n<p>El <em>PRoud Council<\/em> est\u00e1 dedicado a promover la diversidad, equidad, inclusi\u00f3n y pertenencia dentro de PRSSA y la industria de las comunicaciones en general. Bajo la gu\u00eda de <a href=\"https:\/\/www.prsa.org\/prssa\/about-prssa\/leadership-contacts\/vice-president-of-diversity-inclusion\" target=\"_blank\" rel=\"noopener\" title=\"\">Uyen Ngo<\/a>, la vicepresidenta de Belonging, Equity, Diversity and Inclusion (BEDI), liderar\u00e1s iniciativas que aseguren que cada miembro se sienta verdaderamente escuchado, visto y apreciado. Esta es tu oportunidad para abogar por un futuro m\u00e1s equitativo y generar un cambio impactante.<\/p>\n\n\n\n<blockquote class=\"wp-block-quote is-layout-flow wp-block-quote-is-layout-flow\">\n<p><em>&#8220;Esta es una gran oportunidad para quienes se preocupan por los desaf\u00edos continuos y desean ayudar. Como miembro anterior del PRoud Council, esta oportunidad me ayud\u00f3 mucho a utilizar estrategias de RR. PP. para desarrollar excelentes iniciativas de diversidad, equidad, inclusi\u00f3n y pertenencia para la comunidad<\/em>!&#8221;<\/p>\n<cite>Uyen Ngo<\/cite><\/blockquote>\n\n\n\n<h3 class=\"wp-block-heading\">Da forma a las narrativas con el<em> Publications Committee<\/em><\/h3>\n\n\n\n<p>\u00bfSos un <em>storyteller <\/em>de coraz\u00f3n? Unite al <em>Publications Committee<\/em> y colabor\u00e1 con <a href=\"https:\/\/www.prsa.org\/prssa\/about-prssa\/leadership-contacts\/vice-president-of-brand-engagement\" target=\"_blank\" rel=\"noopener\" title=\"\">Ro Lane<\/a>, la vicepresidenta de brand engagement, para influir en las historias y conversaciones que moldean la comunidad PRSSA. Desde escribir para Progressions hasta producir Podcasts de PRSSA, te sumergir\u00e1s en temas emocionantes y crear\u00e1s contenido atractivo que resuene en el panorama de las RR. PP. Esta es tu oportunidad para influir en las narrativas que definen nuestro campo.<\/p>\n\n\n\n<blockquote class=\"wp-block-quote is-layout-flow wp-block-quote-is-layout-flow\">\n<p>&#8220;<em>En el Publications Committee, los estudiantes tienen la oportunidad \u00fanica de ser los storytellers de PRSSA. Podr\u00e1n mejorar sus habilidades de escritura en diversas \u00e1reas, incluyendo la creatividad, la investigaci\u00f3n y la redacci\u00f3n t\u00e9cnica. Adem\u00e1s, tendr\u00e1n la oportunidad de colaborar en la producci\u00f3n de podcasts de PRSSA, desde encontrar estudiantes interesantes o profesionales inspiradores para entrevistar, hasta ayudar en la creaci\u00f3n de guiones gr\u00e1ficos y la edici\u00f3n y primeras escuchas<\/em>!&#8221;<\/p>\n<cite>Ro Lane<\/cite><\/blockquote>\n\n\n\n<h3 class=\"wp-block-heading\">Liber\u00e1 tu creatividad con el <em>Social Media Squad<\/em><\/h3>\n\n\n\n<p>Si las redes sociales son tu fuerte, el Social Media Squad espera tu creatividad. Trabaj\u00e1 junto a <a href=\"https:\/\/www.prsa.org\/prssa\/about-prssa\/leadership-contacts\/vice-president-of-digital-communications\" target=\"_blank\" rel=\"noopener\" title=\"\">Madeline Todorovich<\/a>, la vicepresidenta de digital communications, para elevar la presencia digital de PRSSA. Dise\u00f1ando gr\u00e1ficos llamativos o creando <em>copies <\/em>atractivos, tu creatividad ser\u00e1 instrumental para contar la historia de PRSSA y conectar con nuestra audiencia. Este rol es ideal para quienes aman innovar y conectar a trav\u00e9s de plataformas digitales.<\/p>\n\n\n\n<blockquote class=\"wp-block-quote is-layout-flow wp-block-quote-is-layout-flow\">\n<p><em>\u201c\u00a1Si ten\u00e9s una pasi\u00f3n por las redes sociales y te encanta crear contenido, el Social Media Squad es perfecto para vos! \u00a1Estoy emocionada de tener un subcomit\u00e9 que ame las redes sociales y PRSSA tanto como yo! Desde la creaci\u00f3n de gr\u00e1ficos hasta la escritura creativa, \u00a1este subcomit\u00e9 se dedicar\u00e1 a mejorar las plataformas de redes sociales de PRSSA!\u201d<\/em><\/p>\n<cite>Maddy Todorovich<\/cite><\/blockquote>\n\n\n\n<h3 class=\"wp-block-heading\">\u00bfPor qu\u00e9 aplicar?<\/h3>\n\n\n\n<p>Al unirte a un Subcomit\u00e9 de PRSSA National, podr\u00e1s:<\/p>\n\n\n\n<ul>\n<li>Obten\u00e9 una experiencia pr\u00e1ctica invaluable en planificaci\u00f3n estrat\u00e9gica, colaboraci\u00f3n en equipo y toma de decisiones, habilidades esenciales para un liderazgo efectivo.<\/li>\n\n\n\n<li>Conect\u00e1 con l\u00edderes de la industria y estudiantes de todo el mundo, ampliando tu red profesional y abriendo puertas a futuras oportunidades.<\/li>\n\n\n\n<li>Contribu\u00ed directamente a los programas e iniciativas de PRSSA mientras dej\u00e1s un impacto duradero en el campo de las comunicaciones.<\/li>\n\n\n\n<li>Mejor\u00e1 tu curr\u00edculum con ejemplos concretos de liderazgo, trabajo en equipo y resoluci\u00f3n innovadora de problemas, mostrando tu enfoque proactivo a los empleadores.<\/li>\n\n\n\n<li>Desafiate a crecer personal y profesionalmente, asumiendo roles que pongan a prueba y desarrollen tus habilidades mientras marc\u00e1s una diferencia significativa dentro y fuera de PRSSA.<\/li>\n<\/ul>\n\n\n\n<p>No dejes pasar esta incre\u00edble oportunidad. <a href=\"https:\/\/docs.google.com\/forms\/d\/e\/1FAIpQLScRbGvFETiNeM043gEHn16NXuHiymcPnw4ObnvYrmf5yICj9w\/viewform\" target=\"_blank\" rel=\"noopener\" title=\"\">Aplic\u00e1<\/a> antes de las 2 p.m. ET del 29 de julio para unirte a uno o dos de estos din\u00e1micos e influyentes subcomit\u00e9s. Da un paso adelante, sobresal\u00ed y dej\u00e1 tu huella en PRSSA.<\/p>\n\n\n\n<div class=\"wp-block-media-text is-stacked-on-mobile\" style=\"grid-template-columns:40% auto\"><figure class=\"wp-block-media-text__media\"><img loading=\"lazy\" decoding=\"async\" width=\"506\" height=\"589\" src=\"https:\/\/progressions.prsa.org\/wp-content\/uploads\/2024\/07\/Milagros-1.png\" alt=\"\" class=\"wp-image-13092 size-full\" srcset=\"https:\/\/progressions.prsa.org\/wp-content\/uploads\/2024\/07\/Milagros-1.png 506w, https:\/\/progressions.prsa.org\/wp-content\/uploads\/2024\/07\/Milagros-1-258x300.png 258w\" sizes=\"(max-width: 506px) 100vw, 506px\" \/><\/figure><div class=\"wp-block-media-text__content\">\n<p class=\"has-small-font-size\">Milagros Orcoyen, Presidenta de PRSSA National, es estudiante de \u00faltimo a\u00f1o en la Universidad Argentina de la Empresa en Buenos Aires, Argentina, con planes de graduarse en diciembre de 2024 con una Licenenciatura en Relaciones P\u00fablicas e Institucionales.<\/p>\n\n\n\n<p class=\"has-small-font-size\">Su trayectoria en PRSSA comenz\u00f3 como estudiante de primer a\u00f1o, impulsada por su pasi\u00f3n por el crecimiento profesional y el compromiso comunitario. Anteriormente se desempe\u00f1\u00f3 como Vicepresidenta de Events and Fundraising en PRSSA National, y Milagros recibi\u00f3 el Elaine Averick Outstanding National Committee Member Award por su liderazgo.<\/p>\n\n\n\n<p class=\"has-small-font-size\">Fuera de PRSSA, dedica su tiempo a los esfuerzos de sostenibilidad en GEO, el centro de desarrollo sostenible de la Universidad de Buenos Aires, y contribuye como escritora para el Instituto Jane Goodall Argentina.<\/p>\n\n\n\n<p class=\"has-small-font-size\">Puedes conectar con ella en <a href=\"https:\/\/www.linkedin.com\/in\/milagros-orcoyen\/\">LinkedIn<\/a>.<\/p>\n<\/div><\/div>\n<!-- AddThis Advanced Settings generic via filter on the_content --><!-- AddThis Share Buttons generic via filter on the_content -->","protected":false},"excerpt":{"rendered":"<p>Are you ready to take your PRSSA experience to the next level? Joining a PRSSA National Subcommittee is your ticket to exceptional leadership opportunities, professional growth, and a chance to connect with some of the brightest minds in the communications field. Whether you\u2019re passionate about Chapter development, promoting inclusivity, writing and content creation, or mastering social media, there\u2019s a subcommittee [&hellip;]<!-- AddThis Advanced Settings generic via filter on get_the_excerpt --><!-- AddThis Share Buttons generic via filter on get_the_excerpt --><\/p>\n","protected":false},"author":33,"featured_media":13089,"comment_status":"open","ping_status":"closed","sticky":false,"template":"","format":"standard","meta":{"om_disable_all_campaigns":false,"_monsterinsights_skip_tracking":false,"_monsterinsights_sitenote_active":false,"_monsterinsights_sitenote_note":"","_monsterinsights_sitenote_category":0,"_uf_show_specific_survey":0,"_uf_disable_surveys":false,"footnotes":""},"categories":[3512,1555,3775,3687,3412],"tags":[673,715,1971,15,40,3784],"aioseo_notices":[],"_links":{"self":[{"href":"https:\/\/progressions.prsa.org\/index.php\/wp-json\/wp\/v2\/posts\/13088"}],"collection":[{"href":"https:\/\/progressions.prsa.org\/index.php\/wp-json\/wp\/v2\/posts"}],"about":[{"href":"https:\/\/progressions.prsa.org\/index.php\/wp-json\/wp\/v2\/types\/post"}],"author":[{"embeddable":true,"href":"https:\/\/progressions.prsa.org\/index.php\/wp-json\/wp\/v2\/users\/33"}],"replies":[{"embeddable":true,"href":"https:\/\/progressions.prsa.org\/index.php\/wp-json\/wp\/v2\/comments?post=13088"}],"version-history":[{"count":2,"href":"https:\/\/progressions.prsa.org\/index.php\/wp-json\/wp\/v2\/posts\/13088\/revisions"}],"predecessor-version":[{"id":13093,"href":"https:\/\/progressions.prsa.org\/index.php\/wp-json\/wp\/v2\/posts\/13088\/revisions\/13093"}],"wp:featuredmedia":[{"embeddable":true,"href":"https:\/\/progressions.prsa.org\/index.php\/wp-json\/wp\/v2\/media\/13089"}],"wp:attachment":[{"href":"https:\/\/progressions.prsa.org\/index.php\/wp-json\/wp\/v2\/media?parent=13088"}],"wp:term":[{"taxonomy":"category","embeddable":true,"href":"https:\/\/progressions.prsa.org\/index.php\/wp-json\/wp\/v2\/categories?post=13088"},{"taxonomy":"post_tag","embeddable":true,"href":"https:\/\/progressions.prsa.org\/index.php\/wp-json\/wp\/v2\/tags?post=13088"}],"curies":[{"name":"wp","href":"https:\/\/api.w.org\/{rel}","templated":true}]}}